[{"@context":"https:\/\/schema.org\/","@type":"Article","@id":"https:\/\/www.regumis.cz\/zajimavosti-ze-zahranici-ze-zivota-muzske-populace\/#Article","mainEntityOfPage":"https:\/\/www.regumis.cz\/zajimavosti-ze-zahranici-ze-zivota-muzske-populace\/","headline":"Zaj\u00edmavosti ze zahrani\u010d\u00ed ze \u017eivota mu\u017esk\u00e9 populace","name":"Zaj\u00edmavosti ze zahrani\u010d\u00ed ze \u017eivota mu\u017esk\u00e9 populace","description":"Italov\u00e9 It\u00e1lie je svobodnou zem\u00ed ji\u017e des\u00edtky let. Zat\u00edmco u n\u00e1s vl\u00e1dl re\u00e1ln\u00fd socialismus, na jihu Evropy se budoval odli\u0161n\u00fd spole\u010densk\u00fd syst\u00e9m. \u017d\u00edt ve svobodn\u00e9 zemi znamen\u00e1 v\u00edce mo\u017enost\u00ed, podporu individu\u00e1ln\u00edho rozvoje nejen v podnik\u00e1n\u00ed, ale i ve vztaz\u00edch mezi lidmi. V \u010ceskoslovensku se \u017eilo kolektivismem, ale z\u00e1padn\u00ed Evropa se na tento jev d\u00edvala z [&hellip;]","datePublished":"2025-03-06","dateModified":"2023-04-28","author":{"@type":"Person","@id":"https:\/\/www.regumis.cz\/author\/#Person","name":"regumis.cz\n","url":"https:\/\/www.regumis.cz\/author\/","identifier":1,"image":{"@type":"ImageObject","@id":"https:\/\/secure.gravatar.com\/avatar\/afe3e9c307ddf0b756c397ad75c6ecdba1f9da628b10651fe33a13bba6407ccd?s=96&d=mm&r=g","url":"https:\/\/secure.gravatar.com\/avatar\/afe3e9c307ddf0b756c397ad75c6ecdba1f9da628b10651fe33a13bba6407ccd?s=96&d=mm&r=g","height":96,"width":96}},"publisher":{"@type":"Organization","name":"regumis.cz","logo":{"@type":"ImageObject","@id":"\/logo.png","url":"\/logo.png","width":600,"height":60}},"image":{"@type":"ImageObject","@id":"https:\/\/www.regumis.cz\/wp-content\/uploads\/img_a341201_w1911_t1553949276.jpg","url":"https:\/\/www.regumis.cz\/wp-content\/uploads\/img_a341201_w1911_t1553949276.jpg","height":0,"width":0},"url":"https:\/\/www.regumis.cz\/zajimavosti-ze-zahranici-ze-zivota-muzske-populace\/","about":["Mu\u017ei"],"wordCount":411,"articleBody":" Italov\u00e9 It\u00e1lie je svobodnou zem\u00ed ji\u017e des\u00edtky let. Zat\u00edmco u n\u00e1s vl\u00e1dl re\u00e1ln\u00fd socialismus, na jihu Evropy se budoval odli\u0161n\u00fd spole\u010densk\u00fd syst\u00e9m. \u017d\u00edt ve svobodn\u00e9 zemi znamen\u00e1 v\u00edce mo\u017enost\u00ed, podporu individu\u00e1ln\u00edho rozvoje nejen v podnik\u00e1n\u00ed, ale i ve vztaz\u00edch mezi lidmi. V \u010ceskoslovensku se \u017eilo kolektivismem, ale z\u00e1padn\u00ed Evropa se na tento jev d\u00edvala z jin\u00e9ho zorn\u00e9ho \u00fahlu, p\u0159esto se ji\u017e n\u011bkolik des\u00edtek let vymykaj\u00ed b\u011b\u017en\u00fdm konvenc\u00edm pr\u00e1v\u011b Italov\u00e9. Velk\u00e1 \u010d\u00e1st mu\u017e\u016f ve v\u011bku mezi 28 a 35 roky toti\u017e \u017eije v jedn\u00e9 dom\u00e1cnosti se sv\u00fdmi rodi\u010di, p\u0159edev\u0161\u00edm s matkou. Pr\u00e1v\u011b v It\u00e1lii bychom vzhledem k horkokrevn\u00e9 mentalit\u011b o\u010dek\u00e1vali sp\u00ed\u0161e prav\u00fd opak.  \u010c\u00ed\u0148an\u00e9 Nejlidnat\u011bj\u0161\u00edmi zem\u011bmi sv\u011bta nejsou ani Rusko, ani Spojen\u00e9 st\u00e1ty, n\u00fdbr\u017e Indie a \u010c\u00edna. Zat\u00edmco Indie se pot\u00fdk\u00e1 s chudobou a se zaji\u0161t\u011bn\u00edm d\u016fstojn\u00e9 \u017eivotn\u00ed \u00farovn\u011b obyvatel, v \u010c\u00edn\u011b je tamn\u00ed syst\u00e9m tak tvrd\u00fd, \u017ee se lid\u00e9 op\u00edraj\u00ed jeden o druh\u00e9ho v r\u00e1mci rodinn\u00fdch svazk\u016f. Podporuj\u00ed se navz\u00e1jem v dob\u011b konjunktury i v nesn\u00e1z\u00edch. \u010c\u00ed\u0148an\u00e9 se ov\u0161em pot\u00fdkaj\u00ed s dal\u0161\u00edm sociologick\u00fdm probl\u00e9mem, a t\u00edm je nadbytek mu\u017e\u016f a \u00fabytek \u017een. V roce 2019 je tam ji\u017e necel\u00fdch 30 milion\u016f mu\u017e\u016f, kte\u0159\u00ed budou muset pravd\u011bpodobn\u011b \u201ez\u016fstat na ocet\u201c.  \u0160v\u00e9dov\u00e9 Pr\u00e1v\u011b \u0160v\u00e9dov\u00e9 mohou j\u00edt p\u0159\u00edkladem cel\u00e9 Evrop\u011b ve v\u00fdchov\u011b d\u011bt\u00ed. T\u00e9m\u011b\u0159 polovina z nich se o sv\u00e9 ratolesti d\u016fsledn\u011b star\u00e1 \u2013 voz\u00ed je v ko\u010d\u00e1rku ulicemi m\u011bst, prov\u00e1z\u00ed a vyzved\u00e1vaj\u00ed d\u011bti ze \u0161kol, d\u011blaj\u00ed jim spole\u010dnost na z\u00e1jmov\u00fdch krou\u017ec\u00edch. Jestli\u017ee d\u011bti onemocn\u00ed, otcov\u00e9 od rodin z\u016fst\u00e1vaj\u00ed doma na paragraf a va\u0159\u00ed j\u00eddlo a dohl\u00ed\u017e\u00ed na pitn\u00fd re\u017eim. Ve \u0160v\u00e9dsku se toti\u017e ji\u017e dlouh\u00e1 l\u00e9ta nos\u00ed p\u0159\u00edstup rovnopr\u00e1vnosti, co\u017e p\u0159isp\u00edv\u00e1 k lep\u0161\u00edm rodinn\u00fdm vztah\u016fm. V t\u00e9to zemi je rovn\u011b\u017e nejvy\u0161\u0161\u00ed po\u010det zam\u011bstnan\u00fdch \u017een v cel\u00e9 Evrop\u011b, zhruba 77 procent. Mimochodem, Norsko, Finsko a \u0160v\u00e9dsko jsou zem\u011b, kde lidem z\u00e1le\u017e\u00ed na ekologii, a to nejen na pap\u00ed\u0159e, a \u010cesk\u00e1 republika m\u00e1 v tomto sm\u011bru co doh\u00e1n\u011bt.                                                                                                                                                                                                                                                                                                                                                                                         4.6\/5 - (7 votes)        "},{"@context":"https:\/\/schema.org\/","@type":"BreadcrumbList","itemListElement":[{"@type":"ListItem","position":1,"name":"Zaj\u00edmavosti ze zahrani\u010d\u00ed ze \u017eivota mu\u017esk\u00e9 populace","item":"https:\/\/www.regumis.cz\/zajimavosti-ze-zahranici-ze-zivota-muzske-populace\/#breadcrumbitem"}]}]