[{"@context":"https:\/\/schema.org\/","@type":"Article","@id":"https:\/\/www.regumis.cz\/stihla-nebo-baculata\/#Article","mainEntityOfPage":"https:\/\/www.regumis.cz\/stihla-nebo-baculata\/","headline":"\u0160t\u00edhl\u00e1 nebo baculat\u00e1?","name":"\u0160t\u00edhl\u00e1 nebo baculat\u00e1?","description":"Nem\u016f\u017eeme b\u00fdt p\u0159ece v\u0161ichni stejn\u00ed, um\u00edte si to v\u016fbec p\u0159edstavit? Pr\u00e1v\u011b na\u0161e rozd\u00edlnost je v\u00fdjime\u010dn\u00e1. Na ka\u017ed\u00e9m z n\u00e1s je p\u0159ece n\u011bco kr\u00e1sn\u00e9ho, n\u011bkdo m\u00e1 hez\u010d\u00ed o\u010di, n\u011bkdo vlasy nebo t\u0159eba nohy. Ale ka\u017ed\u00e1 \u017eena je sv\u00fdm zp\u016fsobem hezk\u00e1. A ur\u010dit\u011b se najde prot\u011bj\u0161ek, kter\u00fd to ocen\u00ed. Vzhledem k tomu, \u017ee jsme odli\u0161n\u00ed, m\u016f\u017eeme si [&hellip;]","datePublished":"2025-03-02","dateModified":"2023-04-28","author":{"@type":"Person","@id":"https:\/\/www.regumis.cz\/author\/#Person","name":"regumis.cz\n","url":"https:\/\/www.regumis.cz\/author\/","identifier":1,"image":{"@type":"ImageObject","@id":"https:\/\/secure.gravatar.com\/avatar\/afe3e9c307ddf0b756c397ad75c6ecdba1f9da628b10651fe33a13bba6407ccd?s=96&d=mm&r=g","url":"https:\/\/secure.gravatar.com\/avatar\/afe3e9c307ddf0b756c397ad75c6ecdba1f9da628b10651fe33a13bba6407ccd?s=96&d=mm&r=g","height":96,"width":96}},"publisher":{"@type":"Organization","name":"regumis.cz","logo":{"@type":"ImageObject","@id":"\/logo.png","url":"\/logo.png","width":600,"height":60}},"image":{"@type":"ImageObject","@id":"https:\/\/www.regumis.cz\/wp-content\/uploads\/img_a298571_w1911_t1508871970.jpg","url":"https:\/\/www.regumis.cz\/wp-content\/uploads\/img_a298571_w1911_t1508871970.jpg","height":0,"width":0},"url":"https:\/\/www.regumis.cz\/stihla-nebo-baculata\/","about":["\u017deny"],"wordCount":506,"articleBody":"Nem\u016f\u017eeme b\u00fdt p\u0159ece v\u0161ichni stejn\u00ed, um\u00edte si to v\u016fbec p\u0159edstavit? Pr\u00e1v\u011b na\u0161e rozd\u00edlnost je v\u00fdjime\u010dn\u00e1. Na ka\u017ed\u00e9m z n\u00e1s je p\u0159ece n\u011bco kr\u00e1sn\u00e9ho, n\u011bkdo m\u00e1 hez\u010d\u00ed o\u010di, n\u011bkdo vlasy nebo t\u0159eba nohy. Ale ka\u017ed\u00e1 \u017eena je sv\u00fdm zp\u016fsobem hezk\u00e1. A ur\u010dit\u011b se najde prot\u011bj\u0161ek, kter\u00fd to ocen\u00ed. Vzhledem k tomu, \u017ee jsme odli\u0161n\u00ed, m\u016f\u017eeme si naj\u00edt to, co se l\u00edb\u00ed pr\u00e1v\u011b n\u00e1m. A v\u011b\u0159te tomu, \u017ee nemus\u00edte b\u00fdt pr\u00e1v\u011b top modelka s dlouh\u00fdma nohama, kter\u00e1 m\u00e1 m\u00edry 90-60-90, aby si V\u00e1s n\u011bkdo v\u0161iml.  Vzpome\u0148te si na d\u0159\u00edv\u011bj\u0161\u00ed dobu. Kdy\u017e se vr\u00e1t\u00edme nap\u0159\u00edklad do obdob\u00ed Baroka, kter\u00e9 bylo,,p\u0159epl\u00e1can\u00e9 a prdelat\u00e9.\u201c Pokud si vybav\u00edte n\u011bkter\u00e9 mal\u00ed\u0159e a jejich obrazy, nebo si vzpomenete na obrazy, kter\u00e9 jste vid\u011bli n\u011bkde na z\u00e1mku, jak\u00e9 tam byly \u017eeny? Ano, byly i \u0161t\u00edhl\u00e9, ale kolik jich tam bylo opl\u00e1can\u00fdch? D\u00e1le si m\u016f\u017eeme vzpomenout na obdob\u00ed t\u0159eba 50 \u2013 60 let zp\u011bt? V\u011bt\u0161ina \u017een zast\u00e1vala mnoho prac\u00ed na statku nebo pracovala v krav\u00edn\u011b. A taky byla spousta \u017een krev a ml\u00edko, jak se \u0159\u00edk\u00e1. Jak jinak by zvl\u00e1daly takovou pr\u00e1ci, kdyby byly tak pohubl\u00e9, jako jsou dne\u0161n\u00ed modelky. Pr\u00e1v\u011b modelky jsou mnohdy vzorem pro mlad\u00e9 d\u00edvky, kter\u00e9 maj\u00ed potom pocit, \u017ee takhle by m\u011bly vypadat.  Co z toho ale vznikne? Velice \u010dasto dojde k tomu, \u017ee z\u00edsk\u00e1vaj\u00ed nechuti k j\u00eddlu, doch\u00e1z\u00ed k probl\u00e9m\u016fm cel\u00e9ho tr\u00e1v\u00edc\u00edho \u00fastroj\u00ed a v t\u011bch nejhor\u0161\u00edch p\u0159\u00edpadech dokonce k anorexii \u010di bulimii. L\u00e9\u010den\u00ed t\u011bchto nemoc\u00ed je potom velice n\u00e1ro\u010dn\u00e9. Co dodat na z\u00e1v\u011br? Ka\u017ed\u00fd n\u011bjak vypad\u00e1me, li\u0161\u00edme se jeden od druh\u00e9ho a m\u011bli bychom si t\u011bchto odli\u0161nost\u00ed v\u00e1\u017eit. M\u011bli bychom je br\u00e1t jako na\u0161i p\u0159ednost. Jestli tedy m\u00e1me p\u00e1r kilo nav\u00edc, no co, sv\u011bt se nezbo\u0159\u00ed. Najde se spousta mu\u017e\u016f, kte\u0159\u00ed to ocen\u00ed, a kter\u00fdm se to opravdu l\u00edb\u00ed. Dokonce i v\u011bdci tvrd\u00ed, \u017ee lid\u00e9, kte\u0159\u00ed nejsou vyhubl\u00ed, jsou v \u017eivot\u011b veselej\u0161\u00ed. Pokud m\u00e1me v\u011bt\u0161\u00ed nadv\u00e1hu, i zde se najdou mu\u017ei, kter\u00fdm se to l\u00edb\u00ed. Je dobr\u00e9 ji v\u0161ak alespo\u0148 trochu zm\u00edrnit zdrav\u011bj\u0161\u00edm \u017eivotn\u00edm stylem, a to nejen kv\u016fli zhubnut\u00ed, ale p\u0159edev\u0161\u00edm kv\u016fli zdrav\u00ed. U velk\u00e9 nadv\u00e1hy u\u017e toti\u017e hroz\u00ed mnoho zdravotn\u00edch probl\u00e9m\u016f a komplikac\u00ed. Tak\u017ee \u0161t\u00edhl\u00e1 nebo baculat\u00e1? A\u0165 tak nebo tak, d\u016fle\u017eit\u00e9 je m\u00edt se r\u00e1da se v\u0161\u00edm v\u0161udy a b\u00fdt spokojen\u00e1 sama se sebou.                                                                                                                                                                                                                                                                                                                                                                                        4.7\/5 - (6 votes)        "},{"@context":"https:\/\/schema.org\/","@type":"BreadcrumbList","itemListElement":[{"@type":"ListItem","position":1,"name":"\u0160t\u00edhl\u00e1 nebo baculat\u00e1?","item":"https:\/\/www.regumis.cz\/stihla-nebo-baculata\/#breadcrumbitem"}]}]