[{"@context":"https:\/\/schema.org\/","@type":"Article","@id":"https:\/\/www.regumis.cz\/krasne-a-zdrave-zuby\/#Article","mainEntityOfPage":"https:\/\/www.regumis.cz\/krasne-a-zdrave-zuby\/","headline":"Kr\u00e1sn\u00e9 a zdrav\u00e9 zuby","name":"Kr\u00e1sn\u00e9 a zdrav\u00e9 zuby","description":"Doc\u00edlit rovn\u00fdch zub\u016f je dnes pom\u011brn\u011b jednoduch\u00e9 a t\u00e9m\u011b\u0159 samoz\u0159ejm\u00e9. D\u00edky spoust\u011b variant si ka\u017ed\u00fd p\u0159ijde na sv\u00e9. A\u0165 u\u017e sh\u00e1n\u00edte rovn\u00e1tka pro d\u00edt\u011b nebo pro sebe. Mlad\u0161\u00edm d\u011btem se \u010dasto d\u00e1vaj\u00ed rovn\u00e1tka vyndavac\u00ed. V\u011bt\u0161inou se m\u016f\u017eeme setkat s klasick\u00fdmi fixn\u00edmi, no a pro ty, kte\u0159\u00ed tou\u017e\u00ed po n\u00e1prav\u011b chrupu bez toho, ani\u017e by byl [&hellip;]","datePublished":"2020-01-03","dateModified":"2023-04-28","author":{"@type":"Person","@id":"https:\/\/www.regumis.cz\/author\/#Person","name":"regumis.cz\n","url":"https:\/\/www.regumis.cz\/author\/","identifier":1,"image":{"@type":"ImageObject","@id":"https:\/\/secure.gravatar.com\/avatar\/afe3e9c307ddf0b756c397ad75c6ecdba1f9da628b10651fe33a13bba6407ccd?s=96&d=mm&r=g","url":"https:\/\/secure.gravatar.com\/avatar\/afe3e9c307ddf0b756c397ad75c6ecdba1f9da628b10651fe33a13bba6407ccd?s=96&d=mm&r=g","height":96,"width":96}},"publisher":{"@type":"Organization","name":"regumis.cz","logo":{"@type":"ImageObject","@id":"\/logo.png","url":"\/logo.png","width":600,"height":60}},"image":{"@type":"ImageObject","@id":"https:\/\/www.regumis.cz\/wp-content\/uploads\/img_a373817_w1911_t1585220712.jpg","url":"https:\/\/www.regumis.cz\/wp-content\/uploads\/img_a373817_w1911_t1585220712.jpg","height":0,"width":0},"url":"https:\/\/www.regumis.cz\/krasne-a-zdrave-zuby\/","about":["Produkty"],"wordCount":410,"articleBody":"      Doc\u00edlit rovn\u00fdch zub\u016f je dnes pom\u011brn\u011b jednoduch\u00e9 a t\u00e9m\u011b\u0159 samoz\u0159ejm\u00e9. D\u00edky spoust\u011b variant si ka\u017ed\u00fd p\u0159ijde na sv\u00e9. A\u0165 u\u017e sh\u00e1n\u00edte rovn\u00e1tka pro d\u00edt\u011b nebo pro sebe. Mlad\u0161\u00edm d\u011btem se \u010dasto d\u00e1vaj\u00ed rovn\u00e1tka vyndavac\u00ed. V\u011bt\u0161inou se m\u016f\u017eeme setkat s klasick\u00fdmi fixn\u00edmi, no a pro ty, kte\u0159\u00ed tou\u017e\u00ed po n\u00e1prav\u011b chrupu bez toho, ani\u017e by byl apar\u00e1t viditeln\u00fd, existuj\u00ed tak\u00e9 takzvan\u00e1 neviditeln\u00e1. Ka\u017ed\u00fd se m\u016f\u017ee py\u0161nit zdrav\u00fdm a osl\u0148uj\u00edc\u00edm \u00fasm\u011bvem. P\u0159em\u00fd\u0161l\u00edte-li o rovn\u00e1tk\u00e1ch, nav\u0161tivte petrortho.cz. Z \u0161irok\u00e9 nab\u00eddky z\u00e1krok\u016f si vybere skoro ka\u017ed\u00fd.  Slu\u017eby Rovn\u00e1n\u00ed zub\u016f Nasazen\u00ed barevn\u00fdch a neviditeln\u00fdch rovn\u00e1tek Tvarov\u00e1n\u00ed zubn\u00edho oblouku Spolupr\u00e1ce s \u010delistn\u00edmi chirurgy P\u0159\u00edprava chrupu pro pot\u0159ebn\u00fd z\u00e1krok   P\u0159ed zah\u00e1jen\u00edm l\u00e9\u010dby Po objedn\u00e1n\u00ed n\u00e1sleduje konzultace s hlavn\u00edm l\u00e9ka\u0159em, kter\u00fd posoud\u00ed, jak na tom v\u00e1\u0161 chrup je a navrhne dal\u0161\u00ed postup. D\u00e1le nastupuje klinick\u00e1 prohl\u00eddka a po n\u00ed budou zhotoveny otisky. Sou\u010d\u00e1st\u00ed dokumentace je tak\u00e9 rentgen. V pr\u016fb\u011bhu ortodontick\u00e9 l\u00e9\u010dby je zcela z\u00e1sadn\u00ed dodr\u017eovat pravidelnou p\u00e9\u010di. Krom\u011b pravideln\u00fdch prohl\u00eddek je proto d\u016fle\u017eit\u00e9 si zuby sv\u011bdomit\u011b \u010distit. Trp\u00edte-li z\u00e1va\u017enou vadou skusu, l\u00e9ka\u0159i zde spolupracuj\u00ed s \u010delistn\u00edmi chirurgy. Pokud je tady zapot\u0159eb\u00ed chirurgick\u00fd z\u00e1krok, postaraj\u00ed se o v\u00e1\u0161 chrup. Na str\u00e1nk\u00e1ch se m\u016f\u017eete sami p\u0159esv\u011bd\u010dit, d\u00edky fotografi\u00ed pacient\u016f p\u0159ed a po z\u00e1kroku. Pokud m\u00e1te obavy kv\u016fli v\u011bku, nezoufejte! Srovnat zuby lze v ka\u017ed\u00e9m v\u011bku. Z\u00e1le\u017e\u00ed zejm\u00e9na na jejich stavu a typu vady. Podle n\u00ed se tak\u00e9 ud\u00e1v\u00e1 n\u00e1sledn\u00e1 d\u00e9lka l\u00e9\u010dby, kter\u00e1 pr\u016fm\u011brn\u011b trv\u00e1 zhruba 2 roky. Na z\u00e1v\u011br je nutno podotknout, \u017ee je t\u0159eba nezanedb\u00e1vat preventivn\u00ed p\u00e9\u010di a pravideln\u011b nav\u0161t\u011bvovat sv\u00e9ho zuba\u0159e. Ten, pokud je t\u0159eba n\u00e1m m\u016f\u017ee vhodnou l\u00e9\u010dbu doporu\u010dit. Zaj\u00edm\u00e1-li v\u00e1s v\u00edce, nev\u00e1hejte kontaktovat tuto ortodontickou ordinaci  https:\/\/www.bozp.cz\/aktuality\/bezpecnost-prace-v-zubni-ordinaci\/ a domluvte si sch\u016fzku. Nikdy nen\u00ed pozd\u011b na to, dop\u0159\u00e1t si n\u00e1dhern\u00fd \u00fasm\u011bv.                                                                                                                                                                                                                                                                                                                                                                                          4\/5 - (7 votes)        "},{"@context":"https:\/\/schema.org\/","@type":"BreadcrumbList","itemListElement":[{"@type":"ListItem","position":1,"name":"Kr\u00e1sn\u00e9 a zdrav\u00e9 zuby","item":"https:\/\/www.regumis.cz\/krasne-a-zdrave-zuby\/#breadcrumbitem"}]}]