[{"@context":"https:\/\/schema.org\/","@type":"Article","@id":"https:\/\/www.regumis.cz\/kam-utect-pred-sluncem\/#Article","mainEntityOfPage":"https:\/\/www.regumis.cz\/kam-utect-pred-sluncem\/","headline":"Kam ut\u00e9ct p\u0159ed sluncem","name":"Kam ut\u00e9ct p\u0159ed sluncem","description":"Jo to se to ukr\u00fdv\u00e1, kdy\u017e m\u00e1 n\u011bkdo \u010das a nav\u00edc je\u0161t\u011b baz\u00e9n, kam se m\u016f\u017ee v poklidu pono\u0159it. Jen\u017ee ne ka\u017ed\u00fd to \u0161t\u011bst\u00ed m\u00e1, ne ka\u017ed\u00fd m\u00e1 zahradu a na n\u00ed baz\u00e9n. A ten, kdo ji m\u00e1, tedy tu zahradu, tak by si ho m\u011bl co nejd\u0159\u00edve po\u0159\u00eddit tak\u00e9. Kdysi d\u00e1vno se dalo je\u0161t\u011b [&hellip;]","datePublished":"2025-12-10","dateModified":"2025-12-10","author":{"@type":"Person","@id":"https:\/\/www.regumis.cz\/author\/#Person","name":"regumis.cz\n","url":"https:\/\/www.regumis.cz\/author\/","identifier":1,"image":{"@type":"ImageObject","@id":"https:\/\/secure.gravatar.com\/avatar\/afe3e9c307ddf0b756c397ad75c6ecdba1f9da628b10651fe33a13bba6407ccd?s=96&d=mm&r=g","url":"https:\/\/secure.gravatar.com\/avatar\/afe3e9c307ddf0b756c397ad75c6ecdba1f9da628b10651fe33a13bba6407ccd?s=96&d=mm&r=g","height":96,"width":96}},"publisher":{"@type":"Organization","name":"regumis.cz","logo":{"@type":"ImageObject","@id":"\/logo.png","url":"\/logo.png","width":600,"height":60}},"image":{"@type":"ImageObject","@id":"https:\/\/www.regumis.cz\/wp-content\/uploads\/pexels-polina-tankilevitch-5581705_2.jpg","url":"https:\/\/www.regumis.cz\/wp-content\/uploads\/pexels-polina-tankilevitch-5581705_2.jpg","height":0,"width":0},"url":"https:\/\/www.regumis.cz\/kam-utect-pred-sluncem\/","about":["Produkty"],"wordCount":450,"articleBody":"       Jo to se to ukr\u00fdv\u00e1, kdy\u017e m\u00e1 n\u011bkdo \u010das a nav\u00edc je\u0161t\u011b baz\u00e9n, kam se m\u016f\u017ee v poklidu pono\u0159it. Jen\u017ee ne ka\u017ed\u00fd to \u0161t\u011bst\u00ed m\u00e1, ne ka\u017ed\u00fd m\u00e1 zahradu a na n\u00ed baz\u00e9n. A ten, kdo ji m\u00e1, tedy tu zahradu, tak by si ho m\u011bl co nejd\u0159\u00edve po\u0159\u00eddit tak\u00e9. Kdysi d\u00e1vno se dalo je\u0161t\u011b vymluvit na to, \u017ee nejsou finance. To bylo tehdy, kdy baz\u00e9n st\u00e1l opravdu hodn\u011b a v\u0161echno kolem bylo n\u00e1ramn\u011b slo\u017eit\u00e9. Ani ne tak vybudovat n\u00e1dr\u017e samotnou, ale kde k n\u00ed vz\u00edt filtraci a v\u0161echny chemick\u00e9 prost\u0159edky, bez kter\u00fdch nelze udr\u017eet absolutn\u011b \u010distou vodu? To by bylo n\u011bco sh\u00e1n\u011bn\u00ed a b\u011bh\u00e1n\u00ed a kdov\u00ed \u010deho je\u0161t\u011b. Dnes se prost\u011b zvedne telefon, oslov\u00ed se firma a jde se na v\u011bc. Jak\u00e9pak s t\u00edm d\u011blat fraky. A pen\u00edze? Baz\u00e9ny do zem\u011b cen\u00edk kter\u00fdch najdete na internetu v\u00e1s jist\u011b p\u0159esv\u011bd\u010d\u00ed, \u017ee to ut\u00e1hnete levou zadn\u00ed a nebudete ani muset j\u00edt \u017eebrem, tak jako kdysi chodili lid\u00e9 bez koruny. Na tento web s cenami v\u00e1s na konce \u010dl\u00e1nku nasm\u011bruji. Zat\u00edm si je\u0161t\u011b \u0159ekneme, \u017ee baz\u00e9n v zemi je b\u011b\u017enou prax\u00ed a je nejv\u00edce u\u017e\u00edvan\u00e1 varianta. Ov\u0161em pokud byste z jak\u00fdchkoli d\u016fvod\u016f nemohli m\u00edt tento, m\u016f\u017eete m\u00edt jak\u00fdkoliv jin\u00fd styl. M\u016f\u017ee b\u00fdt zapu\u0161t\u011bn\u00fd jen nap\u016fl, nebo tak\u00e9 v\u016fbec. Jsou to sice lacin\u011bj\u0161\u00ed varianty, tedy co se t\u00fd\u010de pr\u00e1ce, ale v\u011bt\u0161inou nejsou tato \u0159e\u0161en\u00ed zrovna \u0161ikovn\u00e1.Za vanu jako takovou neu\u0161et\u0159\u00edte, tam je cena dan\u00e1 pevn\u011b a je jak\u00e1 je. Jen\u017ee firma v\u00e1m asi bude i kopat d\u00edru, nebo tak\u00e9 ne pokud baz\u00e9n nechcete m\u00edt v zemi, tak\u017ee vlastn\u011b u\u0161et\u0159\u00edte jen za ty pozemn\u00ed pr\u00e1ce. Ov\u0161em baz\u00e9n v\u00e1m pak bude tr\u010det naprosto v\u0161ude. Ne \u017ee by byl o to hor\u0161\u00ed, to v \u017e\u00e1dn\u00e9m p\u0159\u00edpad\u011b, naopak, sv\u00e9mu \u00fa\u010delu poslou\u017e\u00ed velmi dob\u0159e. Ov\u0161em o pohodln\u00e9m p\u0159\u00edstupu se zde moc hovo\u0159it ned\u00e1. Mo\u017en\u00e1, \u017ee jste se ji\u017e rozhodli a nyn\u00ed nev\u00edte co d\u00e1le. Zde je pr\u00e1v\u011b \u010das na spln\u011bn\u00ed slibu o n\u011bkolik \u0159\u00e1dk\u016f v\u00fd\u0161e, \u017ee v\u00e1s nasm\u011bruji na firmu, kter\u00e1 um\u00ed naprosto v\u0161echno kolem baz\u00e9n\u016f. Klikn\u011bte na odkaz a jste na jejich webu.                                                                                                                                                                                                                                                                                                                                                                                           3.5\/5 - (2 votes)        "},{"@context":"https:\/\/schema.org\/","@type":"BreadcrumbList","itemListElement":[{"@type":"ListItem","position":1,"name":"Kam ut\u00e9ct p\u0159ed sluncem","item":"https:\/\/www.regumis.cz\/kam-utect-pred-sluncem\/#breadcrumbitem"}]}]